{"id":29,"date":"2026-03-11T11:15:44","date_gmt":"2026-03-11T11:15:44","guid":{"rendered":"https:\/\/zefwaki.top\/?p=29"},"modified":"2026-03-11T11:16:13","modified_gmt":"2026-03-11T11:16:13","slug":"sobre-mi","status":"publish","type":"post","link":"https:\/\/zefwaki.top\/?p=29","title":{"rendered":"Sobre m\u00ed"},"content":{"rendered":"\n<p>Me llamo Carlos Ruiz y si algo define mi trayectoria profesional es el respeto por los materiales y el conocimiento profundo de cada tejado de nuestra ciudad de Antequera. Llevo m\u00e1s de veinte a\u00f1os trabajando a pie de obra en toda la comarca de M\u00e1laga y he visto c\u00f3mo ha cambiado la forma de construir y de habitar nuestras casas desde los cimientos hasta la \u00faltima teja. Durante gran parte de mi carrera me dediqu\u00e9 a la construcci\u00f3n y a las reformas integrales y eso me dio una perspectiva que pocos instaladores de placas solares tienen hoy en d\u00eda en este dos mil veintis\u00e9is. Yo no veo simplemente una superficie donde colocar paneles negros veo estructuras de hormig\u00f3n vigas de madera y cubiertas de teja \u00e1rabe que han soportado el sol implacable de Andaluc\u00eda durante d\u00e9cadas. Entiendo c\u00f3mo respira una vivienda en el centro hist\u00f3rico y cu\u00e1les son los retos de las fincas que rodean el Torcal porque yo mismo he puesto muchas de esas piedras con mis propias manos.<\/p>\n\n\n\n<p>Mi salto definitivo hacia el sector de la energ\u00eda solar no fue una cuesti\u00f3n de moda ni una decisi\u00f3n tomada a la ligera en un despacho. Fue el resultado de observar a\u00f1o tras a\u00f1o c\u00f3mo mis antiguos clientes y mis propios vecinos sufr\u00edan con unas facturas de la luz que no paraban de subir mientras el sol nos castigaba con temperaturas de cuarenta grados cada verano. Como constructor siempre me obsesion\u00f3 la eficiencia y la durabilidad de lo que entregaba a mis clientes pero me di cuenta de que de nada serv\u00eda hacer una pared con el mejor aislamiento si luego la familia que viv\u00eda dentro ten\u00eda miedo de encender el aire acondicionado por lo que vendr\u00eda en el recibo a final de mes. Decid\u00ed que mi misi\u00f3n a partir de ese momento ser\u00eda transformar ese sol que a veces nos agobia en la mayor fuente de riqueza y ahorro para los hogares de Antequera. Mi experiencia previa en la construcci\u00f3n me permite hoy ofrecer una seguridad que va mucho m\u00e1s all\u00e1 de lo el\u00e9ctrico porque s\u00e9 exactamente d\u00f3nde se puede perforar y d\u00f3nde no para que una instalaci\u00f3n sea estanca y segura de por vida.<\/p>\n\n\n\n<p>En Sol de Antequera no busco ser la empresa m\u00e1s grande de la provincia ni pretendo instalar miles de paneles al mes de forma industrial y sin alma. Mi enfoque es el de un artesano de la energ\u00eda que conoce el terreno que pisa y que entiende que cada casa en nuestra zona tiene unas necesidades \u00fanicas y un presupuesto que hay que cuidar al detalle. Me gusta tratar con la gente cara a cara y explicar las cosas como son sin tecnicismos innecesarios que solo sirven para confundir al propietario. Cuando alguien me pregunta si realmente va a ahorrar yo le hablo de n\u00fameros reales de casos que he visto en la calle Herrezuelos o en los barrios nuevos de la ciudad. Mi reputaci\u00f3n en Antequera se ha forjado con a\u00f1os de trabajo duro y no voy a ponerla en juego recomendando algo que no sea lo mejor para el bolsillo de mi vecino. Para m\u00ed ver c\u00f3mo un cliente recupera su inversi\u00f3n en pocos a\u00f1os y empieza a disfrutar de su casa con total libertad energ\u00e9tica es la mayor satisfacci\u00f3n que me llevo al terminar la jornada.<\/p>\n\n\n\n<p>La tecnolog\u00eda solar en este dos mil veintis\u00e9is ha alcanzado una madurez que hace que sea el momento perfecto para dejar de ser dependientes de las grandes el\u00e9ctricas que operan desde Madrid sin conocer nuestra realidad local. Aqu\u00ed en el coraz\u00f3n de Andaluc\u00eda tenemos el mayor recurso natural imaginable y es mi responsabilidad como profesional ayudaros a extraerle todo el jugo posible. No solo se trata de ahorrar dinero que por supuesto es la motivaci\u00f3n principal sino de ganar una tranquilidad mental que no tiene precio. Saber que pase lo que pase en el mercado internacional de la energ\u00eda t\u00fa tienes tu propia central el\u00e9ctrica en el tejado es una de las mejores inversiones patrimoniales que se pueden hacer hoy en d\u00eda. Mi compromiso con Antequera es seguir ofreciendo ese asesoramiento honesto y directo que me ha caracterizado siempre porque al final del d\u00eda todos somos vecinos y lo que quiero es que cuando nos crucemos por la calle me sigas saludando con la misma confianza de siempre.<\/p>\n\n\n\n<p>He formado un equipo de profesionales que comparten mi visi\u00f3n de la excelencia y el respeto por la edificaci\u00f3n. No dejamos cables sueltos ni hacemos chapuzas que comprometan la integridad de la cubierta porque sabemos lo que cuesta mantener una casa en condiciones en este clima extremo. Cada proyecto que firmamos lleva mi sello personal de garant\u00eda t\u00e9cnica y \u00e9tica. Estamos aqu\u00ed para quedarnos y para acompa\u00f1ar a los antequeranos en esta transici\u00f3n hacia un modelo energ\u00e9tico m\u00e1s justo m\u00e1s limpio y sobre todo mucho m\u00e1s barato para las familias. Mi puerta siempre est\u00e1 abierta para quien quiera saber la verdad sobre la energ\u00eda solar sin adornos ni falsas promesas.<\/p>\n\n\n\n<p>Si quieres que alguien que conoce los tejados de Antequera como la palma de su mano analice tu vivienda y te diga con total sinceridad cu\u00e1nto dinero podr\u00edas estar ahorrando cada mes no lo dudes m\u00e1s. Rellena el formulario de contacto hoy mismo para que podamos estudiar tu caso de forma personalizada y sin compromiso alguno. Mi equipo y yo nos encargaremos de darte una soluci\u00f3n real que se adapte a tu casa y a tu presupuesto para que empieces a aprovechar el sol de nuestra tierra en tu propio beneficio de inmediato.<\/p>\n","protected":false},"excerpt":{"rendered":"<p>Me llamo Carlos Ruiz y si algo define mi trayectoria profesional es el respeto por los materiales y el conocimiento profundo de cada tejado de nuestra ciudad de Antequera. Llevo<span class=\"more-button\"><a href=\"https:\/\/zefwaki.top\/?p=29\" class=\"more-link\">Seguir leyendo<span class=\"screen-reader-text\">Sobre m\u00ed<\/span><\/a><\/span><\/p>\n","protected":false},"author":1,"featured_media":0,"comment_status":"closed","ping_status":"open","sticky":false,"template":"","format":"standard","meta":{"footnotes":""},"categories":[1],"tags":[],"class_list":["post-29","post","type-post","status-publish","format-standard","hentry","category-uncategorized"],"_links":{"self":[{"href":"https:\/\/zefwaki.top\/index.php?rest_route=\/wp\/v2\/posts\/29","targetHints":{"allow":["GET"]}}],"collection":[{"href":"https:\/\/zefwaki.top\/index.php?rest_route=\/wp\/v2\/posts"}],"about":[{"href":"https:\/\/zefwaki.top\/index.php?rest_route=\/wp\/v2\/types\/post"}],"author":[{"embeddable":true,"href":"https:\/\/zefwaki.top\/index.php?rest_route=\/wp\/v2\/users\/1"}],"replies":[{"embeddable":true,"href":"https:\/\/zefwaki.top\/index.php?rest_route=%2Fwp%2Fv2%2Fcomments&post=29"}],"version-history":[{"count":1,"href":"https:\/\/zefwaki.top\/index.php?rest_route=\/wp\/v2\/posts\/29\/revisions"}],"predecessor-version":[{"id":30,"href":"https:\/\/zefwaki.top\/index.php?rest_route=\/wp\/v2\/posts\/29\/revisions\/30"}],"wp:attachment":[{"href":"https:\/\/zefwaki.top\/index.php?rest_route=%2Fwp%2Fv2%2Fmedia&parent=29"}],"wp:term":[{"taxonomy":"category","embeddable":true,"href":"https:\/\/zefwaki.top\/index.php?rest_route=%2Fwp%2Fv2%2Fcategories&post=29"},{"taxonomy":"post_tag","embeddable":true,"href":"https:\/\/zefwaki.top\/index.php?rest_route=%2Fwp%2Fv2%2Ftags&post=29"}],"curies":[{"name":"wp","href":"https:\/\/api.w.org\/{rel}","templated":true}]}}